{"@context":"https:\/\/schema.org\/","@type":"CollectionPage","@id":"https:\/\/www.babcock-wanson-group.com\/fr\/.\/actualites\/#CollectionPage","headline":"Actualit\u00e9s Category","description":"","url":"https:\/\/www.babcock-wanson-group.com\/fr\/.\/actualites\/","hasPart":[{"@type":"BlogPosting","@id":"https:\/\/www.babcock-wanson-group.com\/fr\/actualites\/changement-a-la-direction-generale-du-groupe-babcock-wanson\/","headline":"Evolution au sein de la Direction G\u00e9n\u00e9rale de Babcock Wanson Group","url":"https:\/\/www.babcock-wanson-group.com\/fr\/actualites\/changement-a-la-direction-generale-du-groupe-babcock-wanson\/","datePublished":"2026-04-07","dateModified":"2026-04-08","mainEntityOfPage":"https:\/\/www.babcock-wanson-group.com\/fr\/actualites\/changement-a-la-direction-generale-du-groupe-babcock-wanson\/","author":{"@type":"Person","@id":"https:\/\/www.babcock-wanson-group.com\/fr\/author\/fbarry\/#Person","name":"Florent Barry","url":"https:\/\/www.babcock-wanson-group.com\/fr\/author\/fbarry\/","identifier":2,"image":{"@type":"ImageObject","@id":"https:\/\/secure.gravatar.com\/avatar\/4fd6dfc5089082b83cfc68e1102dc90131769ff6d8c9457c6e98942b558a407f?s=96&d=mm&r=g","url":"https:\/\/secure.gravatar.com\/avatar\/4fd6dfc5089082b83cfc68e1102dc90131769ff6d8c9457c6e98942b558a407f?s=96&d=mm&r=g","height":96,"width":96}},"publisher":{"@type":"Organization","name":"Babcock Wanson Group","logo":{"@type":"ImageObject","@id":"https:\/\/www.babcock-wanson-group.com\/wp-content\/uploads\/2023\/07\/babcock-wanson-group-logo.png","url":"https:\/\/www.babcock-wanson-group.com\/wp-content\/uploads\/2023\/07\/babcock-wanson-group-logo.png","width":1059,"height":476}},"image":{"@type":"ImageObject","@id":"https:\/\/www.babcock-wanson-group.com\/wp-content\/uploads\/2023\/10\/image-site.jpg","url":"https:\/\/www.babcock-wanson-group.com\/wp-content\/uploads\/2023\/10\/image-site.jpg","height":713,"width":1157},"keywords":null},{"@type":"BlogPosting","@id":"https:\/\/www.babcock-wanson-group.com\/fr\/actualites\/babcock-wanson-group-renforce-sa-presence-en-espagne-acquisition-act-andaluces\/","headline":"Babcock Wanson Group renforce sa pr\u00e9sence en Espagne avec l&rsquo;acquisition d&rsquo;ACT ANDALUCES S.A.","url":"https:\/\/www.babcock-wanson-group.com\/fr\/actualites\/babcock-wanson-group-renforce-sa-presence-en-espagne-acquisition-act-andaluces\/","datePublished":"2025-09-04","dateModified":"2025-09-04","mainEntityOfPage":"https:\/\/www.babcock-wanson-group.com\/fr\/actualites\/babcock-wanson-group-renforce-sa-presence-en-espagne-acquisition-act-andaluces\/","author":{"@type":"Person","@id":"https:\/\/www.babcock-wanson-group.com\/fr\/author\/fbarry\/#Person","name":"Florent Barry","url":"https:\/\/www.babcock-wanson-group.com\/fr\/author\/fbarry\/","identifier":2,"image":{"@type":"ImageObject","@id":"https:\/\/secure.gravatar.com\/avatar\/4fd6dfc5089082b83cfc68e1102dc90131769ff6d8c9457c6e98942b558a407f?s=96&d=mm&r=g","url":"https:\/\/secure.gravatar.com\/avatar\/4fd6dfc5089082b83cfc68e1102dc90131769ff6d8c9457c6e98942b558a407f?s=96&d=mm&r=g","height":96,"width":96}},"publisher":{"@type":"Organization","name":"Babcock Wanson Group","logo":{"@type":"ImageObject","@id":"https:\/\/www.babcock-wanson-group.com\/wp-content\/uploads\/2023\/07\/babcock-wanson-group-logo.png","url":"https:\/\/www.babcock-wanson-group.com\/wp-content\/uploads\/2023\/07\/babcock-wanson-group-logo.png","width":1059,"height":476}},"image":{"@type":"ImageObject","@id":"https:\/\/www.babcock-wanson-group.com\/wp-content\/uploads\/2025\/09\/ACT-Andaluces-joins-Babcock-Wanson-Group.jpg","url":"https:\/\/www.babcock-wanson-group.com\/wp-content\/uploads\/2025\/09\/ACT-Andaluces-joins-Babcock-Wanson-Group.jpg","height":495,"width":897},"keywords":null},{"@type":"BlogPosting","@id":"https:\/\/www.babcock-wanson-group.com\/fr\/actualites\/la-societe-danoise-chr-moller-rejoint-babcock-wanson-group\/","headline":"La soci\u00e9t\u00e9 danoise Chr. M\u00f8ller rejoint Babcock Wanson Group","url":"https:\/\/www.babcock-wanson-group.com\/fr\/actualites\/la-societe-danoise-chr-moller-rejoint-babcock-wanson-group\/","datePublished":"2025-06-03","dateModified":"2025-06-03","mainEntityOfPage":"https:\/\/www.babcock-wanson-group.com\/fr\/actualites\/la-societe-danoise-chr-moller-rejoint-babcock-wanson-group\/","author":{"@type":"Person","@id":"https:\/\/www.babcock-wanson-group.com\/fr\/author\/fbarry\/#Person","name":"Florent Barry","url":"https:\/\/www.babcock-wanson-group.com\/fr\/author\/fbarry\/","identifier":2,"image":{"@type":"ImageObject","@id":"https:\/\/secure.gravatar.com\/avatar\/4fd6dfc5089082b83cfc68e1102dc90131769ff6d8c9457c6e98942b558a407f?s=96&d=mm&r=g","url":"https:\/\/secure.gravatar.com\/avatar\/4fd6dfc5089082b83cfc68e1102dc90131769ff6d8c9457c6e98942b558a407f?s=96&d=mm&r=g","height":96,"width":96}},"publisher":{"@type":"Organization","name":"Babcock Wanson Group","logo":{"@type":"ImageObject","@id":"https:\/\/www.babcock-wanson-group.com\/wp-content\/uploads\/2023\/07\/babcock-wanson-group-logo.png","url":"https:\/\/www.babcock-wanson-group.com\/wp-content\/uploads\/2023\/07\/babcock-wanson-group-logo.png","width":1059,"height":476}},"image":{"@type":"ImageObject","@id":"https:\/\/www.babcock-wanson-group.com\/wp-content\/uploads\/2025\/06\/CHR_Moller_cover.jpg","url":"https:\/\/www.babcock-wanson-group.com\/wp-content\/uploads\/2025\/06\/CHR_Moller_cover.jpg","height":495,"width":897},"keywords":null},{"@type":"BlogPosting","@id":"https:\/\/www.babcock-wanson-group.com\/fr\/actualites\/ambienta-actionnaire-majoritaire-babcock-wanson-group\/","headline":"Ambienta devient l&rsquo;actionnaire majoritaire de Babcock Wanson Group","url":"https:\/\/www.babcock-wanson-group.com\/fr\/actualites\/ambienta-actionnaire-majoritaire-babcock-wanson-group\/","datePublished":"2024-06-28","dateModified":"2024-06-28","mainEntityOfPage":"https:\/\/www.babcock-wanson-group.com\/fr\/actualites\/ambienta-actionnaire-majoritaire-babcock-wanson-group\/","author":{"@type":"Person","@id":"https:\/\/www.babcock-wanson-group.com\/fr\/author\/fbarry\/#Person","name":"Florent Barry","url":"https:\/\/www.babcock-wanson-group.com\/fr\/author\/fbarry\/","identifier":2,"image":{"@type":"ImageObject","@id":"https:\/\/secure.gravatar.com\/avatar\/4fd6dfc5089082b83cfc68e1102dc90131769ff6d8c9457c6e98942b558a407f?s=96&d=mm&r=g","url":"https:\/\/secure.gravatar.com\/avatar\/4fd6dfc5089082b83cfc68e1102dc90131769ff6d8c9457c6e98942b558a407f?s=96&d=mm&r=g","height":96,"width":96}},"publisher":{"@type":"Organization","name":"Babcock Wanson Group","logo":{"@type":"ImageObject","@id":"https:\/\/www.babcock-wanson-group.com\/wp-content\/uploads\/2023\/07\/babcock-wanson-group-logo.png","url":"https:\/\/www.babcock-wanson-group.com\/wp-content\/uploads\/2023\/07\/babcock-wanson-group-logo.png","width":1059,"height":476}},"image":{"@type":"ImageObject","@id":"https:\/\/www.babcock-wanson-group.com\/wp-content\/uploads\/2024\/06\/Ambienta-shareolder-of-Babcock-Wanson-Group.jpg","url":"https:\/\/www.babcock-wanson-group.com\/wp-content\/uploads\/2024\/06\/Ambienta-shareolder-of-Babcock-Wanson-Group.jpg","height":600,"width":800},"keywords":null},{"@type":"BlogPosting","@id":"https:\/\/www.babcock-wanson-group.com\/fr\/actualites\/le-groupe-vkk-rejoint-babcock-wanson-group\/","headline":"Le groupe VKK rejoint Babcock Wanson Group","url":"https:\/\/www.babcock-wanson-group.com\/fr\/actualites\/le-groupe-vkk-rejoint-babcock-wanson-group\/","datePublished":"2024-02-09","dateModified":"2024-02-12","mainEntityOfPage":"https:\/\/www.babcock-wanson-group.com\/fr\/actualites\/le-groupe-vkk-rejoint-babcock-wanson-group\/","author":{"@type":"Person","@id":"https:\/\/www.babcock-wanson-group.com\/fr\/author\/fbarry\/#Person","name":"Florent Barry","url":"https:\/\/www.babcock-wanson-group.com\/fr\/author\/fbarry\/","identifier":2,"image":{"@type":"ImageObject","@id":"https:\/\/secure.gravatar.com\/avatar\/4fd6dfc5089082b83cfc68e1102dc90131769ff6d8c9457c6e98942b558a407f?s=96&d=mm&r=g","url":"https:\/\/secure.gravatar.com\/avatar\/4fd6dfc5089082b83cfc68e1102dc90131769ff6d8c9457c6e98942b558a407f?s=96&d=mm&r=g","height":96,"width":96}},"publisher":{"@type":"Organization","name":"Babcock Wanson Group","logo":{"@type":"ImageObject","@id":"https:\/\/www.babcock-wanson-group.com\/wp-content\/uploads\/2023\/07\/babcock-wanson-group-logo.png","url":"https:\/\/www.babcock-wanson-group.com\/wp-content\/uploads\/2023\/07\/babcock-wanson-group-logo.png","width":1059,"height":476}},"image":{"@type":"ImageObject","@id":"https:\/\/www.babcock-wanson-group.com\/wp-content\/uploads\/2024\/02\/VKK-Rejoint-Babcock-Wanson-Group.jpg","url":"https:\/\/www.babcock-wanson-group.com\/wp-content\/uploads\/2024\/02\/VKK-Rejoint-Babcock-Wanson-Group.jpg","height":495,"width":897},"keywords":null},{"@type":"BlogPosting","@id":"https:\/\/www.babcock-wanson-group.com\/fr\/actualites\/babcock-wanson-group-joins-the-united-nations-global-compact\/","headline":"Babcock Wanson Group rejoint le Pacte mondial des Nations Unies","url":"https:\/\/www.babcock-wanson-group.com\/fr\/actualites\/babcock-wanson-group-joins-the-united-nations-global-compact\/","datePublished":"2024-01-16","dateModified":"2024-01-16","mainEntityOfPage":"https:\/\/www.babcock-wanson-group.com\/fr\/actualites\/babcock-wanson-group-joins-the-united-nations-global-compact\/","author":{"@type":"Person","@id":"https:\/\/www.babcock-wanson-group.com\/fr\/author\/fbarry\/#Person","name":"Florent Barry","url":"https:\/\/www.babcock-wanson-group.com\/fr\/author\/fbarry\/","identifier":2,"image":{"@type":"ImageObject","@id":"https:\/\/secure.gravatar.com\/avatar\/4fd6dfc5089082b83cfc68e1102dc90131769ff6d8c9457c6e98942b558a407f?s=96&d=mm&r=g","url":"https:\/\/secure.gravatar.com\/avatar\/4fd6dfc5089082b83cfc68e1102dc90131769ff6d8c9457c6e98942b558a407f?s=96&d=mm&r=g","height":96,"width":96}},"publisher":{"@type":"Organization","name":"Babcock Wanson Group","logo":{"@type":"ImageObject","@id":"https:\/\/www.babcock-wanson-group.com\/wp-content\/uploads\/2023\/07\/babcock-wanson-group-logo.png","url":"https:\/\/www.babcock-wanson-group.com\/wp-content\/uploads\/2023\/07\/babcock-wanson-group-logo.png","width":1059,"height":476}},"image":{"@type":"ImageObject","@id":"https:\/\/www.babcock-wanson-group.com\/wp-content\/uploads\/2024\/01\/16-objectifs_FR.png","url":"https:\/\/www.babcock-wanson-group.com\/wp-content\/uploads\/2024\/01\/16-objectifs_FR.png","height":358,"width":605},"keywords":null},{"@type":"BlogPosting","@id":"https:\/\/www.babcock-wanson-group.com\/fr\/actualites\/parat-et-pbs-power-equipment-rejoignent-babcock-wanson\/","headline":"Parat et PBS Power Equipment rejoignent Babcock Wanson","url":"https:\/\/www.babcock-wanson-group.com\/fr\/actualites\/parat-et-pbs-power-equipment-rejoignent-babcock-wanson\/","datePublished":"2023-08-21","dateModified":"2023-11-28","mainEntityOfPage":"https:\/\/www.babcock-wanson-group.com\/fr\/actualites\/parat-et-pbs-power-equipment-rejoignent-babcock-wanson\/","author":{"@type":"Person","@id":"https:\/\/www.babcock-wanson-group.com\/fr\/author\/ontop\/#Person","name":"ontop","url":"https:\/\/www.babcock-wanson-group.com\/fr\/author\/ontop\/","identifier":1,"image":{"@type":"ImageObject","@id":"https:\/\/secure.gravatar.com\/avatar\/8d7bddae34145f6143159caa4c136fd6eb94b327b3b8859df8d69266a3cf3164?s=96&d=mm&r=g","url":"https:\/\/secure.gravatar.com\/avatar\/8d7bddae34145f6143159caa4c136fd6eb94b327b3b8859df8d69266a3cf3164?s=96&d=mm&r=g","height":96,"width":96}},"publisher":{"@type":"Organization","name":"Babcock Wanson Group","logo":{"@type":"ImageObject","@id":"https:\/\/www.babcock-wanson-group.com\/wp-content\/uploads\/2023\/07\/babcock-wanson-group-logo.png","url":"https:\/\/www.babcock-wanson-group.com\/wp-content\/uploads\/2023\/07\/babcock-wanson-group-logo.png","width":1059,"height":476}},"image":{"@type":"ImageObject","@id":"https:\/\/www.babcock-wanson-group.com\/wp-content\/uploads\/2023\/08\/babcock-wanson-acquires-pbs-pe.webp","url":"https:\/\/www.babcock-wanson-group.com\/wp-content\/uploads\/2023\/08\/babcock-wanson-acquires-pbs-pe.webp","height":407,"width":1280},"keywords":null},{"@type":"BlogPosting","@id":"https:\/\/www.babcock-wanson-group.com\/fr\/actualites\/parat-rejoint-babcock-wanson-group\/","headline":"PARAT rejoint le groupe Babcock Wanson","url":"https:\/\/www.babcock-wanson-group.com\/fr\/actualites\/parat-rejoint-babcock-wanson-group\/","datePublished":"2023-08-19","dateModified":"2023-11-28","mainEntityOfPage":"https:\/\/www.babcock-wanson-group.com\/fr\/actualites\/parat-rejoint-babcock-wanson-group\/","author":{"@type":"Person","@id":"https:\/\/www.babcock-wanson-group.com\/fr\/author\/ontop\/#Person","name":"ontop","url":"https:\/\/www.babcock-wanson-group.com\/fr\/author\/ontop\/","identifier":1,"image":{"@type":"ImageObject","@id":"https:\/\/secure.gravatar.com\/avatar\/8d7bddae34145f6143159caa4c136fd6eb94b327b3b8859df8d69266a3cf3164?s=96&d=mm&r=g","url":"https:\/\/secure.gravatar.com\/avatar\/8d7bddae34145f6143159caa4c136fd6eb94b327b3b8859df8d69266a3cf3164?s=96&d=mm&r=g","height":96,"width":96}},"publisher":{"@type":"Organization","name":"Babcock Wanson Group","logo":{"@type":"ImageObject","@id":"https:\/\/www.babcock-wanson-group.com\/wp-content\/uploads\/2023\/07\/babcock-wanson-group-logo.png","url":"https:\/\/www.babcock-wanson-group.com\/wp-content\/uploads\/2023\/07\/babcock-wanson-group-logo.png","width":1059,"height":476}},"image":{"@type":"ImageObject","@id":"https:\/\/www.babcock-wanson-group.com\/wp-content\/uploads\/2023\/08\/parat-rejoint-le-groupe-babcock-wanson.webp","url":"https:\/\/www.babcock-wanson-group.com\/wp-content\/uploads\/2023\/08\/parat-rejoint-le-groupe-babcock-wanson.webp","height":734,"width":1200},"keywords":null},{"@type":"BlogPosting","@id":"https:\/\/www.babcock-wanson-group.com\/fr\/actualites\/standard-fasel-rejoint-babcock-wanson\/","headline":"Standard Fasel rejoint Babcock Wanson","url":"https:\/\/www.babcock-wanson-group.com\/fr\/actualites\/standard-fasel-rejoint-babcock-wanson\/","datePublished":"2023-08-19","dateModified":"2023-11-28","mainEntityOfPage":"https:\/\/www.babcock-wanson-group.com\/fr\/actualites\/standard-fasel-rejoint-babcock-wanson\/","author":{"@type":"Person","@id":"https:\/\/www.babcock-wanson-group.com\/fr\/author\/ontop\/#Person","name":"ontop","url":"https:\/\/www.babcock-wanson-group.com\/fr\/author\/ontop\/","identifier":1,"image":{"@type":"ImageObject","@id":"https:\/\/secure.gravatar.com\/avatar\/8d7bddae34145f6143159caa4c136fd6eb94b327b3b8859df8d69266a3cf3164?s=96&d=mm&r=g","url":"https:\/\/secure.gravatar.com\/avatar\/8d7bddae34145f6143159caa4c136fd6eb94b327b3b8859df8d69266a3cf3164?s=96&d=mm&r=g","height":96,"width":96}},"publisher":{"@type":"Organization","name":"Babcock Wanson Group","logo":{"@type":"ImageObject","@id":"https:\/\/www.babcock-wanson-group.com\/wp-content\/uploads\/2023\/07\/babcock-wanson-group-logo.png","url":"https:\/\/www.babcock-wanson-group.com\/wp-content\/uploads\/2023\/07\/babcock-wanson-group-logo.png","width":1059,"height":476}},"image":{"@type":"ImageObject","@id":"https:\/\/www.babcock-wanson-group.com\/wp-content\/uploads\/2023\/08\/actualite-standard-fasel-babcock-wanson.jpg","url":"https:\/\/www.babcock-wanson-group.com\/wp-content\/uploads\/2023\/08\/actualite-standard-fasel-babcock-wanson.jpg","height":400,"width":600},"keywords":null},{"@type":"BlogPosting","@id":"https:\/\/www.babcock-wanson-group.com\/fr\/actualites\/donau-carbon-technologies-dct-rejoint-babcock-wanson-group\/","headline":"Donau Carbon Technologies (DCT) rejoint le groupe Babcock Wanson","url":"https:\/\/www.babcock-wanson-group.com\/fr\/actualites\/donau-carbon-technologies-dct-rejoint-babcock-wanson-group\/","datePublished":"2023-08-19","dateModified":"2023-11-28","mainEntityOfPage":"https:\/\/www.babcock-wanson-group.com\/fr\/actualites\/donau-carbon-technologies-dct-rejoint-babcock-wanson-group\/","author":{"@type":"Person","@id":"https:\/\/www.babcock-wanson-group.com\/fr\/author\/ontop\/#Person","name":"ontop","url":"https:\/\/www.babcock-wanson-group.com\/fr\/author\/ontop\/","identifier":1,"image":{"@type":"ImageObject","@id":"https:\/\/secure.gravatar.com\/avatar\/8d7bddae34145f6143159caa4c136fd6eb94b327b3b8859df8d69266a3cf3164?s=96&d=mm&r=g","url":"https:\/\/secure.gravatar.com\/avatar\/8d7bddae34145f6143159caa4c136fd6eb94b327b3b8859df8d69266a3cf3164?s=96&d=mm&r=g","height":96,"width":96}},"publisher":{"@type":"Organization","name":"Babcock Wanson Group","logo":{"@type":"ImageObject","@id":"https:\/\/www.babcock-wanson-group.com\/wp-content\/uploads\/2023\/07\/babcock-wanson-group-logo.png","url":"https:\/\/www.babcock-wanson-group.com\/wp-content\/uploads\/2023\/07\/babcock-wanson-group-logo.png","width":1059,"height":476}},"image":{"@type":"ImageObject","@id":"https:\/\/www.babcock-wanson-group.com\/wp-content\/uploads\/2023\/08\/capture-dct.png","url":"https:\/\/www.babcock-wanson-group.com\/wp-content\/uploads\/2023\/08\/capture-dct.png","height":536,"width":1660},"keywords":null}]}