{"id":5294,"date":"2025-09-04T10:38:51","date_gmt":"2025-09-04T09:38:51","guid":{"rendered":"https:\/\/www.babcock-wanson-group.com\/non-classifiee\/babcock-wanson-group-renforce-sa-presence-en-espagne-acquisition-act-andaluces\/"},"modified":"2025-09-04T11:07:40","modified_gmt":"2025-09-04T10:07:40","slug":"babcock-wanson-group-renforce-sa-presence-en-espagne-acquisition-act-andaluces","status":"publish","type":"post","link":"https:\/\/www.babcock-wanson-group.com\/fr\/actualites\/babcock-wanson-group-renforce-sa-presence-en-espagne-acquisition-act-andaluces\/","title":{"rendered":"Babcock Wanson Group renforce sa pr\u00e9sence en Espagne avec l&rsquo;acquisition d&rsquo;ACT ANDALUCES S.A."},"content":{"rendered":"\n<p>Soutenu par ses actionnaires <a href=\"https:\/\/ambientasgr.com\/\" target=\"_blank\" rel=\"noreferrer noopener\">Ambienta<\/a> et <a href=\"https:\/\/kartesia.com\/\" target=\"_blank\" rel=\"noreferrer noopener\">Kartesia<\/a>, le groupe Babcock Wanson r\u00e9affirme son ambition de devenir le leader paneurop\u00e9en de la d\u00e9carbonisation de la production de chaleur industrielle. L&rsquo;acquisition d&rsquo;<a href=\"http:\/\/www.actandaluces.com\/\" target=\"_blank\" rel=\"noreferrer noopener\">ACT Andaluces S.A.<\/a> s&rsquo;inscrit dans la strat\u00e9gie du groupe visant \u00e0 \u00e9largir son offre de services et \u00e0 renforcer sa pr\u00e9sence locale sur les principaux march\u00e9s europ\u00e9ens.<\/p>\n\n<p>L&rsquo;int\u00e9gration d&rsquo;ACT renforce consid\u00e9rablement la pr\u00e9sence du groupe Babcock Wanson en Espagne, o\u00f9 il op\u00e8re d\u00e9j\u00e0 par l&rsquo;interm\u00e9diaire de sa filiale de longue date, <strong>Babcock Wanson Espa\u00f1a<\/strong>, bas\u00e9e \u00e0 Bilbao. L&rsquo;ajout d&rsquo;ACT \u00e9largit la couverture g\u00e9ographique et la capacit\u00e9 de service du groupe dans toute la p\u00e9ninsule ib\u00e9rique, lui permettant d&rsquo;offrir un soutien plus complet et plus r\u00e9actif \u00e0 ses clients industriels espagnols.<\/p>\n\n<p>Fond\u00e9e et d\u00e9velopp\u00e9e par Alfredo C\u00f3rdoba T., <strong>ACT<\/strong> s&rsquo;est forg\u00e9 une solide r\u00e9putation d&rsquo;excellence technique et de fiabilit\u00e9 sur le march\u00e9 espagnol des chaudi\u00e8res industrielles. L&rsquo;entreprise propose des solutions compl\u00e8tes pour la conception, l&rsquo;installation et la maintenance de syst\u00e8mes de chaudi\u00e8res industrielles, y compris des services de r\u00e9paration, de modernisation et des contrats de maintenance \u00e0 long terme.<\/p>\n\n<p>Ayant d\u00e9j\u00e0 transf\u00e9r\u00e9 la direction op\u00e9rationnelle \u00e0 ses deux enfants, Alfredo C\u00f3rdoba T. a assur\u00e9 une succession et une continuit\u00e9 sans heurts de l&rsquo;entreprise. ACT continuera d&rsquo;\u00eatre g\u00e9r\u00e9e par la prochaine g\u00e9n\u00e9ration de la famille C\u00f3rdoba, en conservant les valeurs fondamentales de l&rsquo;entreprise et son approche ax\u00e9e sur le client sous l&rsquo;\u00e9gide du groupe Babcock Wanson.<\/p>\n\n<p>\u00ab <em>Avec l&rsquo;arriv\u00e9e d&rsquo;ACT dans le groupe, nous renfor\u00e7ons nos capacit\u00e9s en Espagne en int\u00e9grant une entreprise <ins>principalement d\u00e9di\u00e9e aux services et \u00e0 l&rsquo;optimisation des chaudi\u00e8res industrielles<\/ins><\/em><ins>,<\/ins> \u00bb a d\u00e9clar\u00e9 Cyril Fournier-Montgieux, PDG du groupe Babcock Wanson. \u00ab <em>Cette acquisition renforce notre pr\u00e9sence dans le sud de l&rsquo;<ins>Espagne<\/ins> et <ins>s&rsquo;inscrit pleinement dans notre vision \u00e0 long terme :<\/ins> <ins>accompagner les industriels europ\u00e9ens dans leur transition vers des proc\u00e9d\u00e9s thermiques plus durables et plus efficaces sur le plan \u00e9nerg\u00e9tique<\/ins>. <\/em>\u00bb<\/p>\n\n<p><em>\u00ab\u00a0Nous sommes fiers de perp\u00e9tuer l&rsquo;h\u00e9ritage de notre p\u00e8re et ravis de nous associer au groupe Babcock Wanson. Ce partenariat nous permettra d&rsquo;acc\u00e9l\u00e9rer notre d\u00e9veloppement tout en restant fid\u00e8les \u00e0 la qualit\u00e9 de service et \u00e0 la fiabilit\u00e9 technique que nos clients attendent<\/em>,\u00a0\u00bb ont d\u00e9clar\u00e9 <strong>Alfredo C\u00f3rdoba C. <\/strong>et <strong>Mar\u00eda \u00c1ngeles C\u00f3rdoba C..<\/strong><\/p>\n\n<p>L&rsquo;arriv\u00e9e d&rsquo;ACT renforcera la capacit\u00e9 du groupe Babcock Wanson \u00e0 fournir des solutions cl\u00e9s en main de d\u00e9carbonisation, notamment des chaudi\u00e8res \u00e0 haut rendement, des syst\u00e8mes de r\u00e9cup\u00e9ration de chaleur, des technologies hybrides et \u00e9lectriques, ainsi que des contrats de service \u00e0 long terme, tout en approfondissant son mod\u00e8le de service local en Espagne.<\/p>\n\n<p>Avec des op\u00e9rations directes dans plus de 14 pays, le groupe Babcock Wanson continue d&rsquo;\u00e9tendre son r\u00e9seau de centres de services industriels \u00e0 travers l&rsquo;Europe. Soutenu par Ambienta et Kartesia, le groupe combine de mani\u00e8re strat\u00e9gique croissance organique et acquisitions cibl\u00e9es, ce qui le positionne comme un leader dans le domaine des solutions de chauffage durables pour l&rsquo;industrie europ\u00e9enne.<br\/>\u00ab <em>Nous sommes fiers de soutenir la croissance continue du groupe Babcock Wanson<\/em> \u00bb, a ajout\u00e9 Gwena\u00eblle Le Ho Daguzan, associ\u00e9e chez Ambienta. \u00ab <em>L&rsquo;acquisition d&rsquo;ACT illustre la force de notre vision commune : cr\u00e9er un champion europ\u00e9en de la transition \u00e9nerg\u00e9tique industrielle, ancr\u00e9 dans une forte pr\u00e9sence locale et une excellence op\u00e9rationnelle.<\/em> \u00bb<\/p>\n\n<p><strong><a href=\"https:\/\/www.babcock-wanson-group.com\/wp-content\/uploads\/2025\/09\/Press-Release-ACT-acquisition-250814-EN.pdf\" target=\"_blank\" rel=\"noreferrer noopener\">T\u00e9lechargez l&rsquo;int\u00e9gralit\u00e9 du communiqu\u00e9 de presse<\/a><\/strong><\/p>\n","protected":false},"excerpt":{"rendered":"<p>Soutenu par ses actionnaires Ambienta et Kartesia, le groupe Babcock Wanson r\u00e9affirme son ambition de devenir le leader paneurop\u00e9en de la d\u00e9carbonisation de la production de chaleur industrielle. L&rsquo;acquisition d&rsquo;ACT Andaluces S.A. s&rsquo;inscrit dans la strat\u00e9gie du groupe visant \u00e0 \u00e9largir son offre de services et \u00e0 renforcer sa pr\u00e9sence locale sur les principaux march\u00e9s [&hellip;]<\/p>\n","protected":false},"author":2,"featured_media":5290,"comment_status":"open","ping_status":"open","sticky":false,"template":"","format":"standard","meta":{"footnotes":""},"categories":[17],"tags":[],"class_list":["post-5294","post","type-post","status-publish","format-standard","has-post-thumbnail","hentry","category-actualites"],"_links":{"self":[{"href":"https:\/\/www.babcock-wanson-group.com\/fr\/wp-json\/wp\/v2\/posts\/5294","targetHints":{"allow":["GET"]}}],"collection":[{"href":"https:\/\/www.babcock-wanson-group.com\/fr\/wp-json\/wp\/v2\/posts"}],"about":[{"href":"https:\/\/www.babcock-wanson-group.com\/fr\/wp-json\/wp\/v2\/types\/post"}],"author":[{"embeddable":true,"href":"https:\/\/www.babcock-wanson-group.com\/fr\/wp-json\/wp\/v2\/users\/2"}],"replies":[{"embeddable":true,"href":"https:\/\/www.babcock-wanson-group.com\/fr\/wp-json\/wp\/v2\/comments?post=5294"}],"version-history":[{"count":1,"href":"https:\/\/www.babcock-wanson-group.com\/fr\/wp-json\/wp\/v2\/posts\/5294\/revisions"}],"predecessor-version":[{"id":5295,"href":"https:\/\/www.babcock-wanson-group.com\/fr\/wp-json\/wp\/v2\/posts\/5294\/revisions\/5295"}],"wp:featuredmedia":[{"embeddable":true,"href":"https:\/\/www.babcock-wanson-group.com\/fr\/wp-json\/wp\/v2\/media\/5290"}],"wp:attachment":[{"href":"https:\/\/www.babcock-wanson-group.com\/fr\/wp-json\/wp\/v2\/media?parent=5294"}],"wp:term":[{"taxonomy":"category","embeddable":true,"href":"https:\/\/www.babcock-wanson-group.com\/fr\/wp-json\/wp\/v2\/categories?post=5294"},{"taxonomy":"post_tag","embeddable":true,"href":"https:\/\/www.babcock-wanson-group.com\/fr\/wp-json\/wp\/v2\/tags?post=5294"}],"curies":[{"name":"wp","href":"https:\/\/api.w.org\/{rel}","templated":true}]}}